{"id":830,"date":"2021-04-08T08:45:20","date_gmt":"2021-04-08T06:45:20","guid":{"rendered":"http:\/\/sorenga.com\/sorenga5\/?p=830"},"modified":"2021-12-07T21:10:50","modified_gmt":"2021-12-07T20:10:50","slug":"nyhetsbrev-mars-2021","status":"publish","type":"post","link":"https:\/\/sorenga.com\/sorenga5\/2021\/04\/08\/nyhetsbrev-mars-2021\/","title":{"rendered":"Nyhetsbrev Mars 2021"},"content":{"rendered":"\n<p>I etterkant av beslutningen om \u00e5 oppgradere atriet, kommer styret n\u00e5 til \u00e5 inng\u00e5 kontrakt med Braathens Landskapsentrepren\u00f8r for \u00e5 gjennomf\u00f8re oppgraderingen. Oppstart p\u00e5 prosjektet vil v\u00e6re 19. april og anleggsperioden i atriet vil v\u00e6re frem til 30.mai. I denne perioden vil marktegl bli fjernet, varmekabler lagt p\u00e5 plass og cortenst\u00e5l satt opp for \u00e5 avgrense plantefeltene. Det er derfor n\u00f8dvendig at alle sykler o.l. som n\u00e5 st\u00e5r i atriet parkeres i sykkelbodene innen 18.april og vi m\u00e5 nok generelt v\u00e6re forberedt p\u00e5 mindre bevegelsesfrihet i atriet i denne perioden. For de beboerne som kun har direkte utgang fra leiligheten ut i atriet vil entrepren\u00f8ren selvsagt legge til rette for minst mulig ulempe, mens de \u00f8vrige av oss b\u00f8r i st\u00f8rst mulig grad benytte adkomsten i 0-etasje mot sj\u00f8siden i de mest hektiske periodene.<br>Utsettingen av planter skal v\u00e6re gjennomf\u00f8rt innen 30.6 og gjennomf\u00f8res alt etter v\u00e6rforhold og hvilke typer planter som skal settes ut.<br>Som sagt; noen innskrenkninger m\u00e5 vi leve med i denne perioden, men vi tror dette blir en kjempeflott l\u00f8ft for atriet v\u00e5rt og som vi kommer til \u00e5 nyte godt av i mange \u00e5r fremover.<\/p>\n\n\n\n<p>N\u00e5r det er v\u00e5r s\u00e5 er det ogs\u00e5 tid for opprydding i leiligheter og boder og 12.april blir det satt ut en container ved bygget v\u00e5rt, slik at vi kan f\u00e5 kastet det som ikke lenger kan brukes. Containeren vil bli st\u00e5ende 1 uke og byttes ut med ny om den skulle bli full.<\/p>\n\n\n\n<p>Siste behandling for skjeggkre vil skje 15.april og en uke f\u00f8r dette f\u00e5r hver husstand utlevert 9 stk. limfeller som skal settes opp; typisk p\u00e5 bad, kj\u00f8kken og stue. Dette fordi Anticimex da vil f\u00e5 en verifisering av om de har klart \u00e5 ta knekken p\u00e5 skjeggkreene i bygningen v\u00e5r.<br>Vi vil som tidligere sende ut en detaljert oversikt over n\u00e5r p\u00e5 formiddagen Anticimex kommer til den enkelte leiligheten den 15.april.<\/p>\n\n\n\n<p>For \u00e5 bedre sikkerheten av bygget er det fra og med mars 2021 foretatt en oppgradering av l\u00e5sesystemet ved at alle n\u00f8kkelsylinderne i hovedd\u00f8rene er skiftet ut.<br>De n\u00f8klene som ble delt ut da vi kom hit til S\u00f8renga er ikke lenger for hovedd\u00f8rene kun for egne d\u00f8rer til enhetene. For hovedd\u00f8rene er det lagt til rette for bruk av de elektroniske brikkene\/kortene fra Salto som leveres av Nordic Security AS p\u00e5 Fyrstikktorget.<br>I forbindelse med denne skallsikringen av bygget er det videre gjort f\u00f8lgende:<\/p>\n\n\n\n<ul><li>Oslo Brann og Redning har et sett med systemn\u00f8kler og det er ogs\u00e5 lagt slike n\u00f8kler inn i de safene ved hovedinngangen som OBR har tilgang til.<\/li><li>Posten har f\u00e5tt tildelt et sett med brikker og service leverand\u00f8rene, boservice og Securitas har egne sett med brikker og n\u00f8kler inn til tekniske rom.<\/li><li>Styrets medlemmer har en systemn\u00f8kkel hver til alle hovedd\u00f8rene og til alle tekniske rom &#8211; systemn\u00f8kkelen er ogs\u00e5 slik at den kan \u00e5pne d\u00f8r inn til treningsrommet.<\/li><li>Det er et eget sett med brikker til treningsrommet \u2013 dette for \u00e5 begrense tilgangen \u2013 styret administrere hvem som har brikke til treningsrommet.<\/li><li>R\u00f8mningsveier er satt opp slik at de kan \u00e5pnes innenfra uten n\u00f8kkel eller brikke.<\/li><li>For \u00e5 legge til rette for situasjoner der det er behov for \u00e5 la d\u00f8ren st\u00e5 i \u00e5pen stilling ved transport av st\u00f8rre kolli, f.eks. flyttetransport, er det n\u00e5 montert en egen bryter ved alle d\u00f8rpumpene i hovedd\u00f8rene.<br>SETT BRYTER I STILLING I, D\u00d8RA \u00c5PNER OG BLIR ST\u00c5ENDE. HUSK \u00c5 SETTE DEN TILBAKE TIL STILLING II ETTER BRUK.<\/li><\/ul>\n","protected":false},"excerpt":{"rendered":"<p>I etterkant av beslutningen om \u00e5 oppgradere atriet, kommer styret n\u00e5 til \u00e5 inng\u00e5 kontrakt med Braathens Landskapsentrepren\u00f8r for \u00e5 gjennomf\u00f8re oppgraderingen. Oppstart p\u00e5 prosjektet vil v\u00e6re 19. april og anleggsperioden i atriet vil v\u00e6re frem til 30.mai. I denne perioden vil marktegl bli fjernet, varmekabler lagt p\u00e5 plass og cortenst\u00e5l satt opp for \u00e5 [&hellip;]<\/p>\n","protected":false},"author":15,"featured_media":831,"comment_status":"closed","ping_status":"closed","sticky":false,"template":"","format":"standard","meta":[],"categories":[20],"tags":[],"_links":{"self":[{"href":"https:\/\/sorenga.com\/sorenga5\/wp-json\/wp\/v2\/posts\/830"}],"collection":[{"href":"https:\/\/sorenga.com\/sorenga5\/wp-json\/wp\/v2\/posts"}],"about":[{"href":"https:\/\/sorenga.com\/sorenga5\/wp-json\/wp\/v2\/types\/post"}],"author":[{"embeddable":true,"href":"https:\/\/sorenga.com\/sorenga5\/wp-json\/wp\/v2\/users\/15"}],"replies":[{"embeddable":true,"href":"https:\/\/sorenga.com\/sorenga5\/wp-json\/wp\/v2\/comments?post=830"}],"version-history":[{"count":2,"href":"https:\/\/sorenga.com\/sorenga5\/wp-json\/wp\/v2\/posts\/830\/revisions"}],"predecessor-version":[{"id":833,"href":"https:\/\/sorenga.com\/sorenga5\/wp-json\/wp\/v2\/posts\/830\/revisions\/833"}],"wp:featuredmedia":[{"embeddable":true,"href":"https:\/\/sorenga.com\/sorenga5\/wp-json\/wp\/v2\/media\/831"}],"wp:attachment":[{"href":"https:\/\/sorenga.com\/sorenga5\/wp-json\/wp\/v2\/media?parent=830"}],"wp:term":[{"taxonomy":"category","embeddable":true,"href":"https:\/\/sorenga.com\/sorenga5\/wp-json\/wp\/v2\/categories?post=830"},{"taxonomy":"post_tag","embeddable":true,"href":"https:\/\/sorenga.com\/sorenga5\/wp-json\/wp\/v2\/tags?post=830"}],"curies":[{"name":"wp","href":"https:\/\/api.w.org\/{rel}","templated":true}]}}